{"id":91136193,"date":"2018-05-11T14:17:48","date_gmt":"2018-05-11T12:17:48","guid":{"rendered":"https:\/\/www.aktantis.com\/?p=91136193"},"modified":"2018-06-01T14:13:08","modified_gmt":"2018-06-01T12:13:08","slug":"semicon-europa-and-electronica-2018-call-of-interest","status":"publish","type":"post","link":"https:\/\/www.aktantis.com\/en\/2018\/05\/11\/semicon-europa-and-electronica-2018-call-of-interest\/","title":{"rendered":"SEMICON EUROPA and ELECTRONICA 2018 &#8211;\u00a0Call of Interest"},"content":{"rendered":"<div class=\"views-row views-row-6 views-row-even\">\n<h3>Electronica- The World&#8217;s leading trade fair for electronics\u00a0 \/ SEMICON Europa &#8211; Semiconductors drive Smart<\/h3>\n<\/div>\n<h4>November 13-16, 2018 &#8211;\u00a0 Messe M\u00fbnchen Germany<\/h4>\n<p>&nbsp;<\/p>\n<p><img loading=\"lazy\" decoding=\"async\" class=\"size-medium wp-image-2690 aligncenter\" src=\"https:\/\/www.aktantis.com\/wp-content\/uploads\/2018\/02\/semicon-europa-300x86.jpg\" alt=\"\" width=\"300\" height=\"86\" srcset=\"https:\/\/www.aktantis.com\/wp-content\/uploads\/2018\/02\/semicon-europa-300x86.jpg 300w, https:\/\/www.aktantis.com\/wp-content\/uploads\/2018\/02\/semicon-europa-160x46.jpg 160w, https:\/\/www.aktantis.com\/wp-content\/uploads\/2018\/02\/semicon-europa-310x89.jpg 310w, https:\/\/www.aktantis.com\/wp-content\/uploads\/2018\/02\/semicon-europa.jpg 390w\" sizes=\"auto, (max-width: 300px) 100vw, 300px\" \/><\/p>\n<p><strong>Electronica<\/strong> is the world\u2019s leading trade fair and conference for electronic components, systems, applications and solutions.<\/p>\n<p>It is an international industry social event and visitors enthusiastically report it to be an excellent business platform, efficient networking event, technical product show and forum for the highest level of industry discussion.<\/p>\n<p>In 2016 : 2 900 exhibitors from 51 countries and 73 000 attendees from 84 countries<\/p>\n<p><a href=\"https:\/\/electronica.de\" target=\"_blank\" rel=\"noopener\">Official Website<\/a><\/p>\n<p>This year, Electronica will be co-located with <strong>SEMICON Europa<\/strong> which attracts a highly influential audience from every segment and sector of the European microelectronics industries including: semiconductors, LEDs, MEMS, printed\/organic\/flexible, and other adjacent markets.<\/p>\n<p>Exhibitor and attendees meet to enact change and address industry-shaping trends.<\/p>\n<p><a href=\"http:\/\/www.semiconeuropa.org\/\" target=\"_blank\" rel=\"noopener\">Official Website<\/a><\/p>\n<p>&nbsp;<\/p>\n<h4><strong>Exhibition Offer<\/strong><\/h4>\n<p>&nbsp;<\/p>\n<p style=\"text-align: center;\"><img loading=\"lazy\" decoding=\"async\" class=\"alignnone size-medium\" src=\"https:\/\/www.industrie-techno.com\/mediatheque\/5\/4\/3\/000006345_imageArticlePrincipaleLarge.jpg\" width=\"408\" height=\"123\" \/><\/p>\n<p>Under the brand <strong>Silicon Europe<\/strong>, which SCS cluster is an active member, you can expose your solutions. The cost is not fixed yet but it will be more attractive than an individual exhibition.<\/p>\n<p><em>This offer is reserved to SCS Cluster members.<\/em><\/p>\n<h4>More Informations<\/h4>\n<p>&nbsp;<\/p>\n<ol>\n<li>Guillaume Roux, Innovation\u00a0 &amp; European R&amp;D Projects\u00a0\u00a0<a href=\"mailto:guillaume.roux@aktantis.com\" target=\"_blank\" rel=\"noopener\">guillaume.roux@aktantis.com<\/a><\/li>\n<li>News \u2013\u00a0<a href=\"https:\/\/www.silicon-europe.eu\/nc\/news\/news\/news-detail\/archive\/2017\/may\/article\/silicon-europe-alliance-wins-new-member-during-the-cluster-forum-held-in-gardanne\/22\/\" target=\"_blank\" rel=\"noopener\">Silicon Europe Alliance wins new member during the Cluster Forum held in Gardanne<\/a><\/li>\n<\/ol>\n","protected":false},"excerpt":{"rendered":"<p>Electronica- The World&#8217;s leading trade fair for electronics\u00a0 \/ SEMICON Europa &#8211; Semiconductors drive Smart<\/p>\n<p>November 13-16, 2018 &#8211;\u00a0 Messe M\u00fbnchen Germany<br \/>\n&nbsp;<\/p>\n<p>Electronica is the world\u2019s leading&#8230;<\/p>\n","protected":false},"author":1287,"featured_media":91136194,"comment_status":"open","ping_status":"open","sticky":false,"template":"","format":"standard","meta":{"footnotes":""},"categories":[120],"tags":[122],"selections":[],"agenda-type":[],"class_list":["post-91136193","post","type-post","status-publish","format-standard","has-post-thumbnail","hentry","category-events","tag-aktantis-en"],"yoast_head":"<!-- This site is optimized with the Yoast SEO plugin v27.8 - https:\/\/yoast.com\/product\/yoast-seo-wordpress\/ -->\n<title>SEMICON EUROPA and ELECTRONICA 2018 -\u00a0Call of Interest<\/title>\n<meta name=\"description\" content=\"Electronica- The World&#039;s leading trade fair for electronics\u00a0 \/ SEMICON Europa - Semiconductors drive Smart. Under the brand Silicon Europe, which SCS cluster is an active member, you can expose your solutions.\" \/>\n<meta name=\"robots\" content=\"index, follow, max-snippet:-1, max-image-preview:large, max-video-preview:-1\" \/>\n<link rel=\"canonical\" href=\"https:\/\/www.aktantis.com\/en\/2018\/05\/11\/semicon-europa-and-electronica-2018-call-of-interest\/\" \/>\n<meta property=\"og:locale\" content=\"en_US\" \/>\n<meta property=\"og:type\" content=\"article\" \/>\n<meta property=\"og:title\" content=\"SEMICON EUROPA and ELECTRONICA 2018 -\u00a0Call of Interest\" \/>\n<meta property=\"og:description\" content=\"Electronica- The World&#039;s leading trade fair for electronics\u00a0 \/ SEMICON Europa - Semiconductors drive Smart. Under the brand Silicon Europe, which SCS cluster is an active member, you can expose your solutions.\" \/>\n<meta property=\"og:url\" content=\"https:\/\/www.aktantis.com\/en\/2018\/05\/11\/semicon-europa-and-electronica-2018-call-of-interest\/\" \/>\n<meta property=\"og:site_name\" content=\"AKTANTIS\" \/>\n<meta property=\"article:publisher\" content=\"https:\/\/www.facebook.com\/PoleSCS\/\" \/>\n<meta property=\"article:published_time\" content=\"2018-05-11T12:17:48+00:00\" \/>\n<meta property=\"article:modified_time\" content=\"2018-06-01T12:13:08+00:00\" \/>\n<meta property=\"og:image\" content=\"https:\/\/www.aktantis.com\/wp-content\/uploads\/2018\/05\/skyline_1140px_500pxh.jpg\" \/>\n\t<meta property=\"og:image:width\" content=\"1140\" \/>\n\t<meta property=\"og:image:height\" content=\"400\" \/>\n\t<meta property=\"og:image:type\" content=\"image\/jpeg\" \/>\n<meta name=\"author\" content=\"Celine Haouji\" \/>\n<meta name=\"twitter:card\" content=\"summary_large_image\" \/>\n<meta name=\"twitter:creator\" content=\"@Pole_SCS\" \/>\n<meta name=\"twitter:site\" content=\"@Pole_SCS\" \/>\n<script type=\"application\/ld+json\" class=\"yoast-schema-graph\">{\"@context\":\"https:\\\/\\\/schema.org\",\"@graph\":[{\"@type\":\"Article\",\"@id\":\"https:\\\/\\\/www.aktantis.com\\\/en\\\/2018\\\/05\\\/11\\\/semicon-europa-and-electronica-2018-call-of-interest\\\/#article\",\"isPartOf\":{\"@id\":\"https:\\\/\\\/www.aktantis.com\\\/en\\\/2018\\\/05\\\/11\\\/semicon-europa-and-electronica-2018-call-of-interest\\\/\"},\"author\":{\"name\":\"Celine Haouji\",\"@id\":\"https:\\\/\\\/www.aktantis.com\\\/#\\\/schema\\\/person\\\/dcab3f7262221dde76a3d8892ed4eb36\"},\"headline\":\"SEMICON EUROPA and ELECTRONICA 2018 &#8211;\u00a0Call of Interest\",\"datePublished\":\"2018-05-11T12:17:48+00:00\",\"dateModified\":\"2018-06-01T12:13:08+00:00\",\"mainEntityOfPage\":{\"@id\":\"https:\\\/\\\/www.aktantis.com\\\/en\\\/2018\\\/05\\\/11\\\/semicon-europa-and-electronica-2018-call-of-interest\\\/\"},\"wordCount\":215,\"commentCount\":0,\"publisher\":{\"@id\":\"https:\\\/\\\/www.aktantis.com\\\/#organization\"},\"image\":{\"@id\":\"https:\\\/\\\/www.aktantis.com\\\/en\\\/2018\\\/05\\\/11\\\/semicon-europa-and-electronica-2018-call-of-interest\\\/#primaryimage\"},\"thumbnailUrl\":\"https:\\\/\\\/www.aktantis.com\\\/wp-content\\\/uploads\\\/2018\\\/05\\\/skyline_1140px_500pxh.jpg\",\"keywords\":[\"Aktantis\"],\"articleSection\":[\"Events\"],\"inLanguage\":\"en-US\",\"potentialAction\":[{\"@type\":\"CommentAction\",\"name\":\"Comment\",\"target\":[\"https:\\\/\\\/www.aktantis.com\\\/en\\\/2018\\\/05\\\/11\\\/semicon-europa-and-electronica-2018-call-of-interest\\\/#respond\"]}]},{\"@type\":\"WebPage\",\"@id\":\"https:\\\/\\\/www.aktantis.com\\\/en\\\/2018\\\/05\\\/11\\\/semicon-europa-and-electronica-2018-call-of-interest\\\/\",\"url\":\"https:\\\/\\\/www.aktantis.com\\\/en\\\/2018\\\/05\\\/11\\\/semicon-europa-and-electronica-2018-call-of-interest\\\/\",\"name\":\"SEMICON EUROPA and ELECTRONICA 2018 -\u00a0Call of Interest\",\"isPartOf\":{\"@id\":\"https:\\\/\\\/www.aktantis.com\\\/#website\"},\"primaryImageOfPage\":{\"@id\":\"https:\\\/\\\/www.aktantis.com\\\/en\\\/2018\\\/05\\\/11\\\/semicon-europa-and-electronica-2018-call-of-interest\\\/#primaryimage\"},\"image\":{\"@id\":\"https:\\\/\\\/www.aktantis.com\\\/en\\\/2018\\\/05\\\/11\\\/semicon-europa-and-electronica-2018-call-of-interest\\\/#primaryimage\"},\"thumbnailUrl\":\"https:\\\/\\\/www.aktantis.com\\\/wp-content\\\/uploads\\\/2018\\\/05\\\/skyline_1140px_500pxh.jpg\",\"datePublished\":\"2018-05-11T12:17:48+00:00\",\"dateModified\":\"2018-06-01T12:13:08+00:00\",\"description\":\"Electronica- The World's leading trade fair for electronics\u00a0 \\\/ SEMICON Europa - Semiconductors drive Smart. Under the brand Silicon Europe, which SCS cluster is an active member, you can expose your solutions.\",\"breadcrumb\":{\"@id\":\"https:\\\/\\\/www.aktantis.com\\\/en\\\/2018\\\/05\\\/11\\\/semicon-europa-and-electronica-2018-call-of-interest\\\/#breadcrumb\"},\"inLanguage\":\"en-US\",\"potentialAction\":[{\"@type\":\"ReadAction\",\"target\":[\"https:\\\/\\\/www.aktantis.com\\\/en\\\/2018\\\/05\\\/11\\\/semicon-europa-and-electronica-2018-call-of-interest\\\/\"]}]},{\"@type\":\"ImageObject\",\"inLanguage\":\"en-US\",\"@id\":\"https:\\\/\\\/www.aktantis.com\\\/en\\\/2018\\\/05\\\/11\\\/semicon-europa-and-electronica-2018-call-of-interest\\\/#primaryimage\",\"url\":\"https:\\\/\\\/www.aktantis.com\\\/wp-content\\\/uploads\\\/2018\\\/05\\\/skyline_1140px_500pxh.jpg\",\"contentUrl\":\"https:\\\/\\\/www.aktantis.com\\\/wp-content\\\/uploads\\\/2018\\\/05\\\/skyline_1140px_500pxh.jpg\",\"width\":1140,\"height\":400,\"caption\":\"skyline_1140px_500pxh\"},{\"@type\":\"BreadcrumbList\",\"@id\":\"https:\\\/\\\/www.aktantis.com\\\/en\\\/2018\\\/05\\\/11\\\/semicon-europa-and-electronica-2018-call-of-interest\\\/#breadcrumb\",\"itemListElement\":[{\"@type\":\"ListItem\",\"position\":1,\"name\":\"Accueil\",\"item\":\"https:\\\/\\\/www.aktantis.com\\\/en\\\/\"},{\"@type\":\"ListItem\",\"position\":2,\"name\":\"SEMICON EUROPA and ELECTRONICA 2018 &#8211;\u00a0Call of Interest\"}]},{\"@type\":\"WebSite\",\"@id\":\"https:\\\/\\\/www.aktantis.com\\\/#website\",\"url\":\"https:\\\/\\\/www.aktantis.com\\\/\",\"name\":\"AKTANTIS\",\"description\":\"1er \u00e9cosyst\u00e8me europ\u00e9en\",\"publisher\":{\"@id\":\"https:\\\/\\\/www.aktantis.com\\\/#organization\"},\"potentialAction\":[{\"@type\":\"SearchAction\",\"target\":{\"@type\":\"EntryPoint\",\"urlTemplate\":\"https:\\\/\\\/www.aktantis.com\\\/?s={search_term_string}\"},\"query-input\":{\"@type\":\"PropertyValueSpecification\",\"valueRequired\":true,\"valueName\":\"search_term_string\"}}],\"inLanguage\":\"en-US\"},{\"@type\":\"Organization\",\"@id\":\"https:\\\/\\\/www.aktantis.com\\\/#organization\",\"name\":\"Aktantis\",\"url\":\"https:\\\/\\\/www.aktantis.com\\\/\",\"logo\":{\"@type\":\"ImageObject\",\"inLanguage\":\"en-US\",\"@id\":\"https:\\\/\\\/www.aktantis.com\\\/#\\\/schema\\\/logo\\\/image\\\/\",\"url\":\"https:\\\/\\\/www.aktantis.com\\\/wp-content\\\/uploads\\\/2018\\\/03\\\/cropped-logo_scs.png\",\"contentUrl\":\"https:\\\/\\\/www.aktantis.com\\\/wp-content\\\/uploads\\\/2018\\\/03\\\/cropped-logo_scs.png\",\"width\":720,\"height\":250,\"caption\":\"Aktantis\"},\"image\":{\"@id\":\"https:\\\/\\\/www.aktantis.com\\\/#\\\/schema\\\/logo\\\/image\\\/\"},\"sameAs\":[\"https:\\\/\\\/www.facebook.com\\\/PoleSCS\\\/\",\"https:\\\/\\\/x.com\\\/Pole_SCS\",\"https:\\\/\\\/www.linkedin.com\\\/company\\\/pole-scs\\\/\"]},{\"@type\":\"Person\",\"@id\":\"https:\\\/\\\/www.aktantis.com\\\/#\\\/schema\\\/person\\\/dcab3f7262221dde76a3d8892ed4eb36\",\"name\":\"Celine Haouji\",\"image\":{\"@type\":\"ImageObject\",\"inLanguage\":\"en-US\",\"@id\":\"https:\\\/\\\/secure.gravatar.com\\\/avatar\\\/52a377bcd44b7dc20cbaa2207a465fa1a03c736aa6d3b308e4b06eb24b4dfe65?s=96&d=mm&r=g\",\"url\":\"https:\\\/\\\/secure.gravatar.com\\\/avatar\\\/52a377bcd44b7dc20cbaa2207a465fa1a03c736aa6d3b308e4b06eb24b4dfe65?s=96&d=mm&r=g\",\"contentUrl\":\"https:\\\/\\\/secure.gravatar.com\\\/avatar\\\/52a377bcd44b7dc20cbaa2207a465fa1a03c736aa6d3b308e4b06eb24b4dfe65?s=96&d=mm&r=g\",\"caption\":\"Celine Haouji\"},\"url\":\"https:\\\/\\\/www.aktantis.com\\\/en\\\/author\\\/celine\\\/\"}]}<\/script>\n<!-- \/ Yoast SEO plugin. -->","yoast_head_json":{"title":"SEMICON EUROPA and ELECTRONICA 2018 -\u00a0Call of Interest","description":"Electronica- The World's leading trade fair for electronics\u00a0 \/ SEMICON Europa - Semiconductors drive Smart. Under the brand Silicon Europe, which SCS cluster is an active member, you can expose your solutions.","robots":{"index":"index","follow":"follow","max-snippet":"max-snippet:-1","max-image-preview":"max-image-preview:large","max-video-preview":"max-video-preview:-1"},"canonical":"https:\/\/www.aktantis.com\/en\/2018\/05\/11\/semicon-europa-and-electronica-2018-call-of-interest\/","og_locale":"en_US","og_type":"article","og_title":"SEMICON EUROPA and ELECTRONICA 2018 -\u00a0Call of Interest","og_description":"Electronica- The World's leading trade fair for electronics\u00a0 \/ SEMICON Europa - Semiconductors drive Smart. Under the brand Silicon Europe, which SCS cluster is an active member, you can expose your solutions.","og_url":"https:\/\/www.aktantis.com\/en\/2018\/05\/11\/semicon-europa-and-electronica-2018-call-of-interest\/","og_site_name":"AKTANTIS","article_publisher":"https:\/\/www.facebook.com\/PoleSCS\/","article_published_time":"2018-05-11T12:17:48+00:00","article_modified_time":"2018-06-01T12:13:08+00:00","og_image":[{"width":1140,"height":400,"url":"https:\/\/www.aktantis.com\/wp-content\/uploads\/2018\/05\/skyline_1140px_500pxh.jpg","type":"image\/jpeg"}],"author":"Celine Haouji","twitter_card":"summary_large_image","twitter_creator":"@Pole_SCS","twitter_site":"@Pole_SCS","schema":{"@context":"https:\/\/schema.org","@graph":[{"@type":"Article","@id":"https:\/\/www.aktantis.com\/en\/2018\/05\/11\/semicon-europa-and-electronica-2018-call-of-interest\/#article","isPartOf":{"@id":"https:\/\/www.aktantis.com\/en\/2018\/05\/11\/semicon-europa-and-electronica-2018-call-of-interest\/"},"author":{"name":"Celine Haouji","@id":"https:\/\/www.aktantis.com\/#\/schema\/person\/dcab3f7262221dde76a3d8892ed4eb36"},"headline":"SEMICON EUROPA and ELECTRONICA 2018 &#8211;\u00a0Call of Interest","datePublished":"2018-05-11T12:17:48+00:00","dateModified":"2018-06-01T12:13:08+00:00","mainEntityOfPage":{"@id":"https:\/\/www.aktantis.com\/en\/2018\/05\/11\/semicon-europa-and-electronica-2018-call-of-interest\/"},"wordCount":215,"commentCount":0,"publisher":{"@id":"https:\/\/www.aktantis.com\/#organization"},"image":{"@id":"https:\/\/www.aktantis.com\/en\/2018\/05\/11\/semicon-europa-and-electronica-2018-call-of-interest\/#primaryimage"},"thumbnailUrl":"https:\/\/www.aktantis.com\/wp-content\/uploads\/2018\/05\/skyline_1140px_500pxh.jpg","keywords":["Aktantis"],"articleSection":["Events"],"inLanguage":"en-US","potentialAction":[{"@type":"CommentAction","name":"Comment","target":["https:\/\/www.aktantis.com\/en\/2018\/05\/11\/semicon-europa-and-electronica-2018-call-of-interest\/#respond"]}]},{"@type":"WebPage","@id":"https:\/\/www.aktantis.com\/en\/2018\/05\/11\/semicon-europa-and-electronica-2018-call-of-interest\/","url":"https:\/\/www.aktantis.com\/en\/2018\/05\/11\/semicon-europa-and-electronica-2018-call-of-interest\/","name":"SEMICON EUROPA and ELECTRONICA 2018 -\u00a0Call of Interest","isPartOf":{"@id":"https:\/\/www.aktantis.com\/#website"},"primaryImageOfPage":{"@id":"https:\/\/www.aktantis.com\/en\/2018\/05\/11\/semicon-europa-and-electronica-2018-call-of-interest\/#primaryimage"},"image":{"@id":"https:\/\/www.aktantis.com\/en\/2018\/05\/11\/semicon-europa-and-electronica-2018-call-of-interest\/#primaryimage"},"thumbnailUrl":"https:\/\/www.aktantis.com\/wp-content\/uploads\/2018\/05\/skyline_1140px_500pxh.jpg","datePublished":"2018-05-11T12:17:48+00:00","dateModified":"2018-06-01T12:13:08+00:00","description":"Electronica- The World's leading trade fair for electronics\u00a0 \/ SEMICON Europa - Semiconductors drive Smart. Under the brand Silicon Europe, which SCS cluster is an active member, you can expose your solutions.","breadcrumb":{"@id":"https:\/\/www.aktantis.com\/en\/2018\/05\/11\/semicon-europa-and-electronica-2018-call-of-interest\/#breadcrumb"},"inLanguage":"en-US","potentialAction":[{"@type":"ReadAction","target":["https:\/\/www.aktantis.com\/en\/2018\/05\/11\/semicon-europa-and-electronica-2018-call-of-interest\/"]}]},{"@type":"ImageObject","inLanguage":"en-US","@id":"https:\/\/www.aktantis.com\/en\/2018\/05\/11\/semicon-europa-and-electronica-2018-call-of-interest\/#primaryimage","url":"https:\/\/www.aktantis.com\/wp-content\/uploads\/2018\/05\/skyline_1140px_500pxh.jpg","contentUrl":"https:\/\/www.aktantis.com\/wp-content\/uploads\/2018\/05\/skyline_1140px_500pxh.jpg","width":1140,"height":400,"caption":"skyline_1140px_500pxh"},{"@type":"BreadcrumbList","@id":"https:\/\/www.aktantis.com\/en\/2018\/05\/11\/semicon-europa-and-electronica-2018-call-of-interest\/#breadcrumb","itemListElement":[{"@type":"ListItem","position":1,"name":"Accueil","item":"https:\/\/www.aktantis.com\/en\/"},{"@type":"ListItem","position":2,"name":"SEMICON EUROPA and ELECTRONICA 2018 &#8211;\u00a0Call of Interest"}]},{"@type":"WebSite","@id":"https:\/\/www.aktantis.com\/#website","url":"https:\/\/www.aktantis.com\/","name":"AKTANTIS","description":"1er \u00e9cosyst\u00e8me europ\u00e9en","publisher":{"@id":"https:\/\/www.aktantis.com\/#organization"},"potentialAction":[{"@type":"SearchAction","target":{"@type":"EntryPoint","urlTemplate":"https:\/\/www.aktantis.com\/?s={search_term_string}"},"query-input":{"@type":"PropertyValueSpecification","valueRequired":true,"valueName":"search_term_string"}}],"inLanguage":"en-US"},{"@type":"Organization","@id":"https:\/\/www.aktantis.com\/#organization","name":"Aktantis","url":"https:\/\/www.aktantis.com\/","logo":{"@type":"ImageObject","inLanguage":"en-US","@id":"https:\/\/www.aktantis.com\/#\/schema\/logo\/image\/","url":"https:\/\/www.aktantis.com\/wp-content\/uploads\/2018\/03\/cropped-logo_scs.png","contentUrl":"https:\/\/www.aktantis.com\/wp-content\/uploads\/2018\/03\/cropped-logo_scs.png","width":720,"height":250,"caption":"Aktantis"},"image":{"@id":"https:\/\/www.aktantis.com\/#\/schema\/logo\/image\/"},"sameAs":["https:\/\/www.facebook.com\/PoleSCS\/","https:\/\/x.com\/Pole_SCS","https:\/\/www.linkedin.com\/company\/pole-scs\/"]},{"@type":"Person","@id":"https:\/\/www.aktantis.com\/#\/schema\/person\/dcab3f7262221dde76a3d8892ed4eb36","name":"Celine Haouji","image":{"@type":"ImageObject","inLanguage":"en-US","@id":"https:\/\/secure.gravatar.com\/avatar\/52a377bcd44b7dc20cbaa2207a465fa1a03c736aa6d3b308e4b06eb24b4dfe65?s=96&d=mm&r=g","url":"https:\/\/secure.gravatar.com\/avatar\/52a377bcd44b7dc20cbaa2207a465fa1a03c736aa6d3b308e4b06eb24b4dfe65?s=96&d=mm&r=g","contentUrl":"https:\/\/secure.gravatar.com\/avatar\/52a377bcd44b7dc20cbaa2207a465fa1a03c736aa6d3b308e4b06eb24b4dfe65?s=96&d=mm&r=g","caption":"Celine Haouji"},"url":"https:\/\/www.aktantis.com\/en\/author\/celine\/"}]}},"_links":{"self":[{"href":"https:\/\/www.aktantis.com\/en\/wp-json\/wp\/v2\/posts\/91136193","targetHints":{"allow":["GET"]}}],"collection":[{"href":"https:\/\/www.aktantis.com\/en\/wp-json\/wp\/v2\/posts"}],"about":[{"href":"https:\/\/www.aktantis.com\/en\/wp-json\/wp\/v2\/types\/post"}],"author":[{"embeddable":true,"href":"https:\/\/www.aktantis.com\/en\/wp-json\/wp\/v2\/users\/1287"}],"replies":[{"embeddable":true,"href":"https:\/\/www.aktantis.com\/en\/wp-json\/wp\/v2\/comments?post=91136193"}],"version-history":[{"count":3,"href":"https:\/\/www.aktantis.com\/en\/wp-json\/wp\/v2\/posts\/91136193\/revisions"}],"predecessor-version":[{"id":91136199,"href":"https:\/\/www.aktantis.com\/en\/wp-json\/wp\/v2\/posts\/91136193\/revisions\/91136199"}],"wp:featuredmedia":[{"embeddable":true,"href":"https:\/\/www.aktantis.com\/en\/wp-json\/wp\/v2\/media\/91136194"}],"wp:attachment":[{"href":"https:\/\/www.aktantis.com\/en\/wp-json\/wp\/v2\/media?parent=91136193"}],"wp:term":[{"taxonomy":"category","embeddable":true,"href":"https:\/\/www.aktantis.com\/en\/wp-json\/wp\/v2\/categories?post=91136193"},{"taxonomy":"post_tag","embeddable":true,"href":"https:\/\/www.aktantis.com\/en\/wp-json\/wp\/v2\/tags?post=91136193"},{"taxonomy":"selections","embeddable":true,"href":"https:\/\/www.aktantis.com\/en\/wp-json\/wp\/v2\/selections?post=91136193"},{"taxonomy":"agenda-type","embeddable":true,"href":"https:\/\/www.aktantis.com\/en\/wp-json\/wp\/v2\/agenda-type?post=91136193"}],"curies":[{"name":"wp","href":"https:\/\/api.w.org\/{rel}","templated":true}]}}